{"id":4089,"date":"2021-12-09T19:57:49","date_gmt":"2021-12-09T16:57:49","guid":{"rendered":"https:\/\/www.montegrup.com\/?p=4089"},"modified":"2022-01-03T18:27:54","modified_gmt":"2022-01-03T15:27:54","slug":"minimal-yasamda-yeni-trend-konteyner-evler","status":"publish","type":"post","link":"https:\/\/www.montegrup.com\/en\/minimal-yasamda-yeni-trend-konteyner-evler\/","title":{"rendered":"Minimal Ya\u015famda Yeni Trend: Konteyner Evler"},"content":{"rendered":"<p>Covid-19 s\u00fcreci, bizi tedirgin etmekle beraber ayn\u0131 zamanda baz\u0131 al\u0131\u015fkanl\u0131klar\u0131m\u0131z\u0131 da de\u011fi\u015ftirmi\u015ftir. \u00d6rne\u011fin; hayat\u0131 doyas\u0131ya ya\u015fayan, sosyal hayattan zevk alan bir\u00e7ok ki\u015fi Covid-19\u2019dan korunmak ad\u0131na kendi k\u00f6\u015fesine \u00e7ekilmi\u015f ve daha az ki\u015fi ile temasa ge\u00e7meyi tercih etmi\u015ftir. Pandemi sonras\u0131 d\u00f6nemde ise bu izolasyon s\u00fcreci devam ederek yeni konseptlerin olu\u015fmas\u0131na ve bu konseptlerin h\u0131zla benimsenmesine neden olmu\u015ftur. Bunlardan biri de <strong>konteyner ev<\/strong>lerdir.<\/p>\n<p><strong>Konteyner ev <\/strong>konsepti, asl\u0131nda Covid-19 \u00f6ncesinde de bilinen bir konsept olsa da zirveye bu s\u00fcre\u00e7te ula\u015fm\u0131\u015ft\u0131r. Yazl\u0131k yerlerde, yaylalarda, sakin b\u00f6lgelerde arsalar\u0131 olan ki\u015filer, bu alanlar\u0131 konteyner evlerle de\u011ferlendirmeyi tercih ediyor. \u00c7\u00fcnk\u00fc <strong>konteynerden ev <\/strong>yapt\u0131rmak hem ekonomik hem de zahmetsizdir. Ayn\u0131 zamanda <strong>konteyner ev yap\u0131m\u0131 <\/strong>s\u0131ras\u0131nda resmi i\u015flerle u\u011fra\u015fmak daha az vakit al\u0131yor. B\u00f6ylece konteyner ev yapt\u0131rmak isteyen bir ki\u015fi, en k\u0131sa s\u00fcrede hayalindeki eve kavu\u015fabiliyor. \u0130\u00e7inde bulundu\u011fumuz Covid-19 s\u00fcrecinde hem sa\u011fl\u0131kl\u0131 hem de daha huzurlu bir ya\u015fam i\u00e7in sizler de <strong>konteyner<\/strong> ev tercih edebilir, b\u00f6ylece tedirgin olmadan kahvenizi keyifle yudumlayabilirsiniz. \u0130\u015fte bizler de <strong>Monte Group<\/strong> ailesi olarak sizlere bu huzurlu ve sa\u011fl\u0131kl\u0131 ortam\u0131 sunmak ad\u0131na \u00e7al\u0131\u015fkan ekibimiz, deneyimli uzmanlar\u0131m\u0131z, disiplinli i\u015f anlay\u0131\u015f\u0131m\u0131z, kaliteli ve h\u0131zl\u0131 hizmetimiz ile sizlerin yan\u0131nday\u0131z. \u0130htiya\u00e7lar\u0131n\u0131za ve tercihlerinize hitap eden \u00e7\u00f6z\u00fcmler sunmak ve hizmet verdi\u011fimiz sekt\u00f6rde T\u00fcrkiye\u2019nin ve D\u00fcnya\u2019n\u0131n lider firmas\u0131 olmak i\u00e7in durmadan \u00e7al\u0131\u015f\u0131yoruz!<\/p>\n<p>Sizinle beraber \u00e7al\u0131\u015fmadan \u00f6nce akl\u0131n\u0131zdaki sorulara do\u011fru ve tam cevaplar sunmak isteriz. B\u00f6ylece sizler de s\u00fcreci yak\u0131ndan tan\u0131m\u0131\u015f ve merak etti\u011finiz sorulara cevap bulmu\u015f olacaks\u0131n\u0131z. Gelin, bu sorulara birlikte g\u00f6z atal\u0131m!<\/p>\n<h4><strong>Konteyner ev yapt\u0131rmadan \u00f6nce nelere dikkat etmeli ve neleri g\u00f6z \u00f6n\u00fcne almal\u0131y\u0131m?<\/strong><\/h4>\n<p>Konteyner ev yapt\u0131rmaya karar verdiyseniz g\u00f6z \u00f6n\u00fcne alman\u0131z gereken bir\u00e7ok nokta var. \u00d6ncelikle, tercih etti\u011finiz firman\u0131n malzeme kalitesi, g\u00fcvenilir firma olup olmad\u0131\u011f\u0131, nakliye ve teslimat\u0131n ne \u015fekilde ger\u00e7ekle\u015fti\u011fi ve en \u00f6nemlisi m\u00fc\u015fteri memnuniyetinin hangi seviyede oldu\u011funu bilmeniz gerekiyor. Bunlar\u0131 \u00f6\u011frenmenin yolu ise derinlemesine ara\u015ft\u0131rma yapmaktan ge\u00e7iyor.<br \/>\nDikkat etmeniz gereken di\u011fer bir nokta ise konteyner evin iyi bir \u015fekilde monte edilmesi. Kimse ya\u011fmurda su alan veya s\u0131zd\u0131rma yapan bir ev sahibi olmak istemez de\u011fil mi? \u0130\u015fte bundan dolay\u0131, firman\u0131n montaj s\u00fcreci hakk\u0131nda da bilgi sahibi olman\u0131z olduk\u00e7a \u00f6nem ta\u015f\u0131yor.<\/p>\n<p>G\u00f6z \u00f6n\u00fcne alman\u0131z gereken son bir nokta daha var! Tercih etti\u011finiz firma ile her \u015feyi a\u00e7\u0131k a\u00e7\u0131k konu\u015fun veya akl\u0131n\u0131za gelen her bir soruyu yetkili ki\u015fiye y\u00f6nlendirin. B\u00f6ylece hem s\u00fcre\u00e7 hem de \u00fccret hakk\u0131nda net bir bilgi sahibi olursunuz. \u00d6rne\u011fin, nakliyat genellikle t\u0131rla yap\u0131ld\u0131\u011f\u0131 i\u00e7in ekstra bir \u00fccret bedeli talep edilir. Siz bu bilgiyi sormad\u0131\u011f\u0131n\u0131z takdirde sonradan s\u00fcrprizlerle kar\u015f\u0131la\u015fman\u0131z olduk\u00e7a olas\u0131d\u0131r. Buna benzer konular\u0131, proje a\u015famas\u0131nda firmayla g\u00f6r\u00fc\u015fmek ve bu do\u011frultuda b\u00fct\u00e7e planlamas\u0131 yapmak yarar\u0131n\u0131za olacakt\u0131r.<\/p>\n<h4><strong>Diledi\u011fim konteyner eve nas\u0131l sahip olabilirim? Konteyner ev nas\u0131l se\u00e7ilmelidir?<\/strong><\/h4>\n<p><strong><img loading=\"lazy\" decoding=\"async\" class=\"aligncenter wp-image-4098 size-full\" src=\"https:\/\/www.montegrup.com\/wp-content\/uploads\/2021\/12\/Ozel-Uretim-Konteyner-Ev.jpg\" alt=\"\" width=\"1000\" height=\"750\" srcset=\"https:\/\/www.montegrup.com\/wp-content\/uploads\/2021\/12\/Ozel-Uretim-Konteyner-Ev.jpg 1000w, https:\/\/www.montegrup.com\/wp-content\/uploads\/2021\/12\/Ozel-Uretim-Konteyner-Ev-300x225.jpg 300w, https:\/\/www.montegrup.com\/wp-content\/uploads\/2021\/12\/Ozel-Uretim-Konteyner-Ev-700x525.jpg 700w, https:\/\/www.montegrup.com\/wp-content\/uploads\/2021\/12\/Ozel-Uretim-Konteyner-Ev-768x576.jpg 768w, https:\/\/www.montegrup.com\/wp-content\/uploads\/2021\/12\/Ozel-Uretim-Konteyner-Ev-16x12.jpg 16w\" sizes=\"auto, (max-width: 1000px) 100vw, 1000px\" \/><\/strong><\/p>\n<p>Konteyner ev yapt\u0131rmak i\u00e7in arsan\u0131z\u0131n m2&#8217;sine ba\u011fl\u0131 olarak 1-2-3&#8217;erli olarak diledi\u011finiz m2&#8217;de proje \u00e7izdirebilirsiniz. Projeyi \u00e7izdirmeden \u00f6nce istek ve taleplerinizi tercih etti\u011finiz firmaya a\u00e7\u0131k bir \u015fekilde belirtmeli ve konteyner fiyatlar\u0131 hakk\u0131nda net bir bilgi almal\u0131s\u0131n\u0131z. B\u00f6ylece b\u00fct\u00e7e planlamas\u0131 yaparak bizimle size en uygun olan projeye ad\u0131m atabilirsiniz.<\/p>\n<p>Proje \u00e7izimi yap\u0131l\u0131rken bir\u00e7ok detay g\u00f6z \u00f6n\u00fcne al\u0131n\u0131r. Yap\u0131lacak konteyner evin i\u00e7erisinde wc, mutfak bulunmaktad\u0131r. Sizlerin talebine g\u00f6re 1+1, 2+1, 1+0 evler olu\u015fturulmaktad\u0131r. Bir konteyner\u0131n boyutu genellikle 3&#215;7 metre ile ba\u015flar 3&#215;12 \u00f6l\u00e7\u00fclerine kadar talebiniz do\u011frultusunda \u00fcretilir. Ortalama 50-60 m2\u2019den olu\u015fan bir konteyner ev istiyorsan\u0131z, projede 3 konteyner \u00fczerinde \u00e7al\u0131\u015f\u0131l\u0131r. 3 tane 3&#215;7 konteyner yan yana konulur. B\u00f6ylece firmam\u0131z, diledi\u011finiz \u00f6l\u00e7\u00fcdeki evi size sunar.<\/p>\n<h4><strong>Konteyner evin fark\u0131 nedir?<\/strong><\/h4>\n<p>Konteyner evler, di\u011fer yap\u0131lara g\u00f6re m\u00fc\u015fteriye k\u0131sa s\u00fcrede teslim edilen, resmi i\u015flemlerin daha rahat bir \u015fekilde ilerledi\u011fi pratik yap\u0131lard\u0131r. Konteyner evlerin \u00fcretim s\u00fcreci hem daha k\u0131sa hem de daha h\u0131zl\u0131d\u0131r. M\u00fc\u015fteri talep etti\u011fi takdirde betonarme i\u015flemleri de \u00fccreti kar\u015f\u0131l\u0131\u011f\u0131 organize edilir. Bu s\u00fcre\u00e7te; mimar, s\u0131vac\u0131, betoncu gibi ki\u015filer aktif rol al\u0131r. Normal bir konteyner ev 15-20 g\u00fcn i\u00e7erisinde m\u00fc\u015fteriye ula\u015ft\u0131r\u0131l\u0131rken betonarme yap\u0131lar\u0131n yap\u0131m a\u015famas\u0131 daha uzun s\u00fcrebilir.<\/p>\n<h4><strong>Konteyner ev yap\u0131m\u0131nda resmi s\u00fcre\u00e7 nas\u0131l i\u015fliyor?<\/strong><\/h4>\n<p>Konteyner ev yap\u0131m\u0131na ba\u015flanmadan \u00f6nce ilgili b\u00f6lgenin belediyesine ba\u015fvurulur ve evin yap\u0131laca\u011f\u0131 alan\u0131n uygunlu\u011fu sorgulan\u0131r. Belediye onay verdi\u011fi takdirde m\u00fc\u015fteri, ilgili konteyner ev firmas\u0131 ile ileti\u015fime ge\u00e7erek i\u015flemleri ba\u015flatabilir. Konteyner ev, 15-20 g\u00fcn i\u00e7erisinde sevk edilir.<\/p>\n<h4><strong>Konteyner ev maliyeti nedir?<\/strong><\/h4>\n<p><img loading=\"lazy\" decoding=\"async\" class=\"aligncenter wp-image-3886 size-full\" src=\"https:\/\/www.montegrup.com\/wp-content\/uploads\/2020\/10\/Sile-Ev-1.jpg\" alt=\"\" width=\"1000\" height=\"750\" srcset=\"https:\/\/www.montegrup.com\/wp-content\/uploads\/2020\/10\/Sile-Ev-1.jpg 1000w, https:\/\/www.montegrup.com\/wp-content\/uploads\/2020\/10\/Sile-Ev-1-300x225.jpg 300w, https:\/\/www.montegrup.com\/wp-content\/uploads\/2020\/10\/Sile-Ev-1-700x525.jpg 700w, https:\/\/www.montegrup.com\/wp-content\/uploads\/2020\/10\/Sile-Ev-1-768x576.jpg 768w, https:\/\/www.montegrup.com\/wp-content\/uploads\/2020\/10\/Sile-Ev-1-16x12.jpg 16w\" sizes=\"auto, (max-width: 1000px) 100vw, 1000px\" \/><\/p>\n<p>Konteyner fiyatlar\u0131ndan bahsedecek olursak bir\u00e7ok fakt\u00f6r\u00fcn fiyat\u0131 etkilendi\u011fini s\u00f6yleyebiliriz. Fiyatlar genellikle d\u00f6viz endeksli olmakla beraber projeye ve talebe g\u00f6re de\u011fi\u015fiklik g\u00f6stermektedir. \u00dczerinde \u00e7al\u0131\u015fmak istedi\u011finiz projenin m2 alan\u0131, odalar\u0131n b\u00fcy\u00fckl\u00fc\u011f\u00fc, izolasyon, ses yal\u0131t\u0131m\u0131, mutfak ve wc ekipmanlar\u0131 gibi unsurlar, konteyner ev maliyetini etkileyecektir. <strong><a href=\"https:\/\/www.montegrup.com\/en\/konteyner-fiyatlari\/\">Konteyner ev fiyatlar\u0131<\/a><\/strong> hakk\u0131nda projenize \u00f6zel fiyat bilgi almak i\u00e7in bizimle ileti\u015fime ge\u00e7ebilirsiniz.<\/p>\n<h4><strong>Neden Monte Grup Konteyner Evlerini Tercih Etmelisiniz?<\/strong><\/h4>\n<p>Monte Grup ailesi olarak \u00e7al\u0131\u015ft\u0131\u011f\u0131m\u0131z sekt\u00f6rde ilk g\u00fcn heyecan\u0131 ile lider olmay\u0131 hedefliyor ve m\u00fc\u015fterilerimizin en iyi \u00fcr\u00fcnlere lay\u0131k oldu\u011funa inan\u0131yoruz. Bu ama\u00e7 do\u011frultusunda bir\u00e7ok de\u011fere \u00f6nem veriyoruz. Sizler i\u00e7in dayan\u0131kl\u0131, pratik ve ekonomik hizmeti bir araya getiriyor, m\u00fc\u015fteri memnuniyetini olduk\u00e7a \u00f6nemsiyoruz. Monte Grup olarak, her projeyi \u00fcstlenmiyoruz. \u00c7\u00fcnk\u00fc konteyner ev projesi i\u00e7in m\u00fc\u015fterimizin projesine dair haz\u0131rl\u0131k yapmas\u0131n\u0131 ve b\u00fct\u00e7esini bu do\u011frultuda planlamas\u0131 gerekti\u011fini d\u00fc\u015f\u00fcn\u00fcyoruz. Proje s\u00fcrecinde ve s\u00fcrecin devam\u0131nda sizlere tam destek sunuyor, herhangi bir sorunda yan\u0131n\u0131za oluyoruz.<\/p>\n<p>E\u011fer sizler de i\u015f disiplinine ve proje koordinasyonuna olduk\u00e7a de\u011fer veren Monte Grup ile birlikte \u00e7al\u0131\u015fmak ve hayalinizdeki ya\u015fam alanlar\u0131na ula\u015fmak istiyorsan\u0131z, sizleri Monte Grup\u2019un kaliteli hizmeti ile tan\u0131\u015fmaya davet ediyoruz! Konteyner ev yapt\u0131racak mevcut bir alan\u0131n\u0131z varsa ve bu arsay\u0131 kaliteli konteyner evler ile de\u011ferlendirmek istiyorsan\u0131z hi\u00e7 vakit kaybetmeden bizimle ileti\u015fime ge\u00e7ebilir ve <strong><a href=\"https:\/\/www.montegrup.com\/en\/iletisim\/\">konteyner ev fiyat teklifi<\/a> <\/strong>alabilirsiniz.<\/p>","protected":false},"excerpt":{"rendered":"Covid-19 s\u00fcreci, bizi tedirgin etmekle beraber ayn\u0131 zamanda baz\u0131 al\u0131\u015fkanl\u0131klar\u0131m\u0131z\u0131 da de\u011fi\u015ftirmi\u015ftir. \u00d6rne\u011fin; hayat\u0131 doyas\u0131ya ya\u015fayan, sosyal hayattan zevk alan bir\u00e7ok ki\u015fi Covid-19\u2019dan korunmak ad\u0131na kendi k\u00f6\u015fesine \u00e7ekilmi\u015f ve daha az ki\u015fi ile temasa ge\u00e7meyi tercih etmi\u015ftir. Pandemi sonras\u0131 d\u00f6nemde ise bu izolasyon s\u00fcreci devam ederek yeni konseptlerin olu\u015fmas\u0131na ve bu konseptlerin h\u0131zla benimsenmesine neden[&#8230;]","protected":false},"author":1,"featured_media":3887,"comment_status":"open","ping_status":"open","sticky":false,"template":"","format":"standard","meta":{"footnotes":""},"categories":[1],"tags":[],"class_list":["post-4089","post","type-post","status-publish","format-standard","has-post-thumbnail","hentry","category-blog"],"aioseo_notices":[],"_links":{"self":[{"href":"https:\/\/www.montegrup.com\/en\/wp-json\/wp\/v2\/posts\/4089","targetHints":{"allow":["GET"]}}],"collection":[{"href":"https:\/\/www.montegrup.com\/en\/wp-json\/wp\/v2\/posts"}],"about":[{"href":"https:\/\/www.montegrup.com\/en\/wp-json\/wp\/v2\/types\/post"}],"author":[{"embeddable":true,"href":"https:\/\/www.montegrup.com\/en\/wp-json\/wp\/v2\/users\/1"}],"replies":[{"embeddable":true,"href":"https:\/\/www.montegrup.com\/en\/wp-json\/wp\/v2\/comments?post=4089"}],"version-history":[{"count":0,"href":"https:\/\/www.montegrup.com\/en\/wp-json\/wp\/v2\/posts\/4089\/revisions"}],"wp:featuredmedia":[{"embeddable":true,"href":"https:\/\/www.montegrup.com\/en\/wp-json\/wp\/v2\/media\/3887"}],"wp:attachment":[{"href":"https:\/\/www.montegrup.com\/en\/wp-json\/wp\/v2\/media?parent=4089"}],"wp:term":[{"taxonomy":"category","embeddable":true,"href":"https:\/\/www.montegrup.com\/en\/wp-json\/wp\/v2\/categories?post=4089"},{"taxonomy":"post_tag","embeddable":true,"href":"https:\/\/www.montegrup.com\/en\/wp-json\/wp\/v2\/tags?post=4089"}],"curies":[{"name":"wp","href":"https:\/\/api.w.org\/{rel}","templated":true}]}}