{"id":4574,"date":"2025-08-19T19:18:16","date_gmt":"2025-08-19T16:18:16","guid":{"rendered":"https:\/\/www.montegrup.com\/?p=4574"},"modified":"2025-08-19T19:18:16","modified_gmt":"2025-08-19T16:18:16","slug":"40%e2%80%b2-flat-rack-konteyner-tasimacilikta-esnek-ve-guvenilir-cozum","status":"publish","type":"post","link":"https:\/\/www.montegrup.com\/en\/40%e2%80%b2-flat-rack-konteyner-tasimacilikta-esnek-ve-guvenilir-cozum\/","title":{"rendered":"40\u2032 Flat Rack Konteyner: Ta\u015f\u0131mac\u0131l\u0131kta Esnek ve G\u00fcvenilir \u00c7\u00f6z\u00fcm"},"content":{"rendered":"<p><!-- 40\u2032 FLAT RACK KONTEYNER \u2014 \u015eIK BLOG (MAV\u0130 TEMA) --><\/p>\n<article class=\"post flat-rack-40\" itemscope itemtype=\"https:\/\/schema.org\/Article\">\n<style>\n    :root{\n      --accent:#77C4D6; --accent-2:#77C4D6;\n      --ink:#1e293b; --muted:#64748b; --line:#e5e7eb; --bg:#fafafa; --chip:#f3f4f6; --ok:#16a34a;\n    }\n    .post{font-family:system-ui,-apple-system,Segoe UI,Roboto,Helvetica,Arial,sans-serif;color:var(--ink);line-height:1.65;margin:0 auto;padding:24px;max-width:920px;background:#fff;border-radius:14px;box-shadow:0 6px 24px rgba(0,0,0,.06)}\n    .post header{margin-bottom:22px}\n    .eyebrow{display:inline-flex;gap:8px;align-items:center;padding:6px 10px;border-radius:999px;background:linear-gradient(135deg,var(--accent-2),var(--accent));color:#fff;font-weight:700;font-size:.78rem;letter-spacing:.02em}\n    .post h1{font-size:1.9rem;line-height:1.25;margin:.6rem 0 0;font-weight:800}\n    .post .meta{color:var(--muted);font-size:.92rem;margin:.4rem 0 0}\n    .lead{font-size:1.05rem;margin:14px 0 18px}\n    .lead strong{font-weight:800}<\/p>\n<p>    .highlight{position:relative;padding:14px 16px;border-left:4px solid var(--accent);\n      background:linear-gradient(180deg,#fff,#fff),radial-gradient(1200px 80px at 0 0,rgba(119,196,214,.08),transparent);\n      border-radius:10px;margin:14px 0}\n    .highlight strong{font-weight:800}<\/p>\n<p>    h2{font-size:1.35rem;margin:22px 0 10px;font-weight:900}\n    h2 strong, h3 strong{font-weight:900}<\/p>\n<p>    .checklist{list-style:none;padding-left:0;margin:6px 0}\n    .checklist li{position:relative;padding-left:28px;margin:10px 0}\n    .checklist li::before{content:\"\";position:absolute;left:0;top:6px;width:18px;height:18px;border-radius:6px;background:var(--chip);border:1px solid var(--line)}\n    .checklist li::after{content:\"\";position:absolute;left:5px;top:9px;width:9px;height:5px;border-left:2px solid var(--ok);border-bottom:2px solid var(--ok);transform:rotate(-45deg)}\n    .checklist strong{font-weight:800}<\/p>\n<p>    .grid{display:grid;grid-template-columns:repeat(auto-fit,minmax(220px,1fr));gap:14px;margin:10px 0}\n    .pill{border:1px dashed var(--line);background:#fff;border-radius:14px;padding:12px}\n    .pill h3{margin:0 0 6px;font-size:1.02rem;font-weight:800}\n    .pill p{margin:0;color:var(--muted)}<\/p>\n<p>    .cta{margin-top:18px;padding:14px;border:1px solid var(--line);border-radius:12px;background:var(--bg)}\n  <\/style>\n<header>\n    <span class=\"eyebrow\">Flat Rack \u2022 40\u2032<\/span><\/p>\n<h1 itemprop=\"headline\"><strong>40\u2032 Flat Rack Konteyner:<\/strong> Ta\u015f\u0131mac\u0131l\u0131kta <strong>Esnek<\/strong> ve <strong>G\u00fcvenilir<\/strong> \u00c7\u00f6z\u00fcm<\/h1>\n<p class=\"meta\" itemprop=\"about\">A\u011f\u0131r, geni\u015f ve standart \u00f6l\u00e7\u00fcleri a\u015fan y\u00fckler i\u00e7in; yan duvars\u0131z, sa\u011flam tabanl\u0131, vin\u00e7\/forklift ile kolay y\u00fckleme.<\/p>\n<\/header>\n<p class=\"lead\">\n    Uluslararas\u0131 lojistikte <strong>a\u011f\u0131r<\/strong> ve <strong>hacimli<\/strong> y\u00fcklerin g\u00fcvenle sevki i\u00e7in geli\u015ftirilen<br \/>\n    <strong>40\u2032 Flat Rack konteyner<\/strong>, <strong>i\u015flevsellik<\/strong> ve <strong>dayan\u0131kl\u0131l\u0131\u011f\u0131<\/strong> ile \u00f6ne \u00e7\u0131kar.<br \/>\n    Yan duvarlar\u0131n olmamas\u0131 ve g\u00fc\u00e7l\u00fc taban yap\u0131s\u0131 sayesinde, zor y\u00fckler <em>kolay, h\u0131zl\u0131 ve g\u00fcvenli<\/em> bi\u00e7imde ta\u015f\u0131n\u0131r.\n  <\/p>\n<div class=\"highlight\">\n    <strong>\u00d6zet:<\/strong> <strong>Yan duvar\u0131 ve tavan\u0131 olmayan<\/strong>, <strong>sa\u011flam tabanl\u0131<\/strong> 40\u2032 flat rack;<br \/>\n    <em>forklift\/vin\u00e7<\/em> ile \u00fcstten veya yandan kolay y\u00fckleme sa\u011flar. <strong>ISO standartlar\u0131na uygun<\/strong> yap\u0131s\u0131, k\u00fcresel lojistik zincirlerinde sorunsuz entegrasyon sunar.\n  <\/div>\n<section aria-labelledby=\"nedir\">\n<h2 id=\"nedir\"><strong>40\u2032 Flat Rack Konteyner Nedir?<\/strong><\/h2>\n<p>\n      <strong>40\u2032 Flat Rack<\/strong>, standart kapal\u0131 konteynerlerden farkl\u0131 olarak <strong>yan duvarlar\u0131 olmayan<\/strong>,<br \/>\n      <strong>d\u00fcz ve y\u00fcksek dayan\u0131ml\u0131 tabana<\/strong> sahip bir ta\u015f\u0131ma arac\u0131d\u0131r. Bu tasar\u0131m, <strong>geni\u015f<\/strong> ve<br \/>\n      <strong>y\u00fcksek<\/strong> par\u00e7alar\u0131n rahat yerle\u015ftirilmesine olanak tan\u0131r; a\u011f\u0131r makineler, in\u015faat elemanlar\u0131, borular ve<br \/>\n      b\u00fcy\u00fck metal komponentler i\u00e7in idealdir.\n    <\/p>\n<\/section>\n<section aria-labelledby=\"avantaj\">\n<h2 id=\"avantaj\"><strong>Avantajlar\u0131 Nelerdir?<\/strong><\/h2>\n<ul class=\"checklist\">\n<li><strong>Y\u00fckleme kolayl\u0131\u011f\u0131:<\/strong> Yan duvar\/tavan olmad\u0131\u011f\u0131 i\u00e7in <em>forklift<\/em> ve <em>vin\u00e7<\/em> ile h\u0131zl\u0131, pratik y\u00fckleme\/bo\u015faltma.<\/li>\n<li><strong>\u00c7ok y\u00f6nl\u00fcl\u00fck:<\/strong> Farkl\u0131 \u015fekil ve boyuttaki y\u00fckler i\u00e7in <strong>esnek<\/strong> kullan\u0131m.<\/li>\n<li><strong>Dayan\u0131kl\u0131l\u0131k:<\/strong> <strong>\u00c7elik konstr\u00fcksiyon<\/strong> taban ve ba\u011flama noktalar\u0131 ile zorlu hava\/deniz ko\u015fullar\u0131na diren\u00e7.<\/li>\n<li><strong>Uluslararas\u0131 standartlar:<\/strong> <strong>ISO\/CSC uyumu<\/strong> sayesinde global tedarik zincirlerinde kolay i\u015flem.<\/li>\n<\/ul>\n<\/section>\n<section aria-labelledby=\"sektorler\">\n<h2 id=\"sektorler\"><strong>Hangi Sekt\u00f6rlerde Tercih Edilir?<\/strong><\/h2>\n<div class=\"grid\">\n<div class=\"pill\">\n<h3><strong>\u0130n\u015faat<\/strong><\/h3>\n<p>B\u00fcy\u00fck ve a\u011f\u0131r yap\u0131 elemanlar\u0131, prefabrik par\u00e7alar, \u00e7elik profiller.<\/p>\n<\/p><\/div>\n<div class=\"pill\">\n<h3><strong>Enerji<\/strong><\/h3>\n<p>T\u00fcrbin bile\u015fenleri, trafolar ve devasa ekipmanlar\u0131n sevki.<\/p>\n<\/p><\/div>\n<div class=\"pill\">\n<h3><strong>Metal &#038; Boru<\/strong><\/h3>\n<p>Geni\u015f \u00e7apl\u0131 borular, k\u00fct\u00fckler ve b\u00fcy\u00fck metal par\u00e7alar.<\/p>\n<\/p><\/div>\n<div class=\"pill\">\n<h3><strong>Tar\u0131m<\/strong><\/h3>\n<p>B\u00fcy\u00fck tar\u0131m makineleri ve ekipmanlar\u0131.<\/p>\n<\/p><\/div><\/div>\n<\/section>\n<section aria-labelledby=\"temin\">\n<h2 id=\"temin\"><strong>40\u2032 Flat Rack Konteyner Kiralama ve Sat\u0131\u015f\u0131<\/strong><\/h2>\n<div class=\"grid\">\n<div class=\"pill\">\n<h3><strong>Kiralama<\/strong><\/h3>\n<p>\u0130hracat\/ithalat projelerinde d\u00f6nemsel kullan\u0131m i\u00e7in <strong>maliyet-etkin<\/strong> \u00e7\u00f6z\u00fcm ve h\u0131zl\u0131 temin.<\/p>\n<\/p><\/div>\n<div class=\"pill\">\n<h3><strong>Sat\u0131n Alma<\/strong><\/h3>\n<p>S\u00fcrekli y\u00fcksek tonaj ta\u015f\u0131yan firmalar i\u00e7in <strong>kal\u0131c\u0131 kapasite<\/strong> ve operasyonel kontrol.<\/p>\n<\/p><\/div><\/div>\n<p class=\"cta\"><strong>\u0130pucu:<\/strong> Y\u00fck\u00fcn \u00f6l\u00e7\u00fc\/tonaj\u0131, rotas\u0131 ve frekans\u0131na g\u00f6re <em>kiralama<\/em> veya <em>sat\u0131n alma<\/em> daha rasyonel olabilir.<\/p>\n<\/section>\n<section aria-labelledby=\"sonuc\">\n<h2 id=\"sonuc\"><strong>Sonu\u00e7<\/strong><\/h2>\n<p>\n      <strong>40\u2032 Flat Rack konteyner<\/strong>, ta\u015f\u0131nmas\u0131 zor, b\u00fcy\u00fck ve a\u011f\u0131r y\u00fcklerde <strong>g\u00fcvenli<\/strong>,<br \/>\n      <strong>pratik<\/strong> ve <strong>esnek<\/strong> bir \u00e7\u00f6z\u00fcm sunar. Y\u00fckleme kolayl\u0131\u011f\u0131 ve y\u00fcksek dayan\u0131m\u0131 sayesinde,<br \/>\n      operasyonlar\u0131nda h\u0131z ve g\u00fcven arayan firmalar i\u00e7in do\u011fru tercihtir.\n    <\/p>\n<p>    <!-- CTA; URL\/ileti\u015fim bilgilerini proje sitene g\u00f6re d\u00fczenle --><\/p>\n<div class=\"cta\">\n      <strong>Teklif &#038; Kiralama:<\/strong> Y\u00fck \u00f6l\u00e7\u00fcleri ve g\u00fczerg\u00e2h bilgisiyle bize ula\u015f\u0131n; projenize en uygun 40\u2032 flat rack \u00e7\u00f6z\u00fcm\u00fcn\u00fc sunal\u0131m.\n    <\/div>\n<\/section>\n<\/article>","protected":false},"excerpt":{"rendered":"Flat Rack \u2022 40\u2032 40\u2032 Flat Rack Konteyner: Ta\u015f\u0131mac\u0131l\u0131kta Esnek ve G\u00fcvenilir \u00c7\u00f6z\u00fcm A\u011f\u0131r, geni\u015f ve standart \u00f6l\u00e7\u00fcleri a\u015fan y\u00fckler i\u00e7in; yan duvars\u0131z, sa\u011flam tabanl\u0131, vin\u00e7\/forklift ile kolay y\u00fckleme. Uluslararas\u0131 lojistikte a\u011f\u0131r ve hacimli y\u00fcklerin g\u00fcvenle sevki i\u00e7in geli\u015ftirilen 40\u2032 Flat Rack konteyner, i\u015flevsellik ve dayan\u0131kl\u0131l\u0131\u011f\u0131 ile \u00f6ne \u00e7\u0131kar. Yan duvarlar\u0131n olmamas\u0131 ve g\u00fc\u00e7l\u00fc taban[&#8230;]","protected":false},"author":1,"featured_media":4364,"comment_status":"open","ping_status":"open","sticky":false,"template":"","format":"standard","meta":{"footnotes":""},"categories":[1],"tags":[],"class_list":["post-4574","post","type-post","status-publish","format-standard","has-post-thumbnail","hentry","category-blog"],"aioseo_notices":[],"_links":{"self":[{"href":"https:\/\/www.montegrup.com\/en\/wp-json\/wp\/v2\/posts\/4574","targetHints":{"allow":["GET"]}}],"collection":[{"href":"https:\/\/www.montegrup.com\/en\/wp-json\/wp\/v2\/posts"}],"about":[{"href":"https:\/\/www.montegrup.com\/en\/wp-json\/wp\/v2\/types\/post"}],"author":[{"embeddable":true,"href":"https:\/\/www.montegrup.com\/en\/wp-json\/wp\/v2\/users\/1"}],"replies":[{"embeddable":true,"href":"https:\/\/www.montegrup.com\/en\/wp-json\/wp\/v2\/comments?post=4574"}],"version-history":[{"count":0,"href":"https:\/\/www.montegrup.com\/en\/wp-json\/wp\/v2\/posts\/4574\/revisions"}],"wp:featuredmedia":[{"embeddable":true,"href":"https:\/\/www.montegrup.com\/en\/wp-json\/wp\/v2\/media\/4364"}],"wp:attachment":[{"href":"https:\/\/www.montegrup.com\/en\/wp-json\/wp\/v2\/media?parent=4574"}],"wp:term":[{"taxonomy":"category","embeddable":true,"href":"https:\/\/www.montegrup.com\/en\/wp-json\/wp\/v2\/categories?post=4574"},{"taxonomy":"post_tag","embeddable":true,"href":"https:\/\/www.montegrup.com\/en\/wp-json\/wp\/v2\/tags?post=4574"}],"curies":[{"name":"wp","href":"https:\/\/api.w.org\/{rel}","templated":true}]}}