{"id":4576,"date":"2025-08-19T19:20:41","date_gmt":"2025-08-19T16:20:41","guid":{"rendered":"https:\/\/www.montegrup.com\/?p=4576"},"modified":"2025-08-19T19:20:41","modified_gmt":"2025-08-19T16:20:41","slug":"20%e2%80%b2-flat-rack-konteyner-agir-yuk-tasimaciliginda-pratik-cozum","status":"publish","type":"post","link":"https:\/\/www.montegrup.com\/en\/20%e2%80%b2-flat-rack-konteyner-agir-yuk-tasimaciliginda-pratik-cozum\/","title":{"rendered":"20\u2032 Flat Rack Konteyner: A\u011f\u0131r Y\u00fck Ta\u015f\u0131mac\u0131l\u0131\u011f\u0131nda Pratik \u00c7\u00f6z\u00fcm"},"content":{"rendered":"<p><!-- 20\u2032 FLAT RACK KONTEYNER \u2014 \u015eIK BLOG (MAV\u0130 TEMA) --><\/p>\n<article class=\"post flat-rack-20\" itemscope itemtype=\"https:\/\/schema.org\/Article\">\n<style>\n    :root{\n      --accent:#77C4D6; --accent-2:#77C4D6;\n      --ink:#1e293b; --muted:#64748b; --line:#e5e7eb; --bg:#fafafa; --chip:#f3f4f6; --ok:#16a34a;\n    }\n    .post{font-family:system-ui,-apple-system,Segoe UI,Roboto,Helvetica,Arial,sans-serif;color:var(--ink);line-height:1.65;margin:0 auto;padding:24px;max-width:920px;background:#fff;border-radius:14px;box-shadow:0 6px 24px rgba(0,0,0,.06)}\n    .post header{margin-bottom:22px}\n    .eyebrow{display:inline-flex;gap:8px;align-items:center;padding:6px 10px;border-radius:999px;background:linear-gradient(135deg,var(--accent-2),var(--accent));color:#fff;font-weight:700;font-size:.78rem;letter-spacing:.02em}\n    .post h1{font-size:1.9rem;line-height:1.25;margin:.6rem 0 0;font-weight:800}\n    .post .meta{color:var(--muted);font-size:.92rem;margin:.4rem 0 0}\n    .lead{font-size:1.05rem;margin:14px 0 18px}\n    .lead strong{font-weight:800}<\/p>\n<p>    .highlight{position:relative;padding:14px 16px;border-left:4px solid var(--accent);\n      background:linear-gradient(180deg,#fff,#fff),radial-gradient(1200px 80px at 0 0,rgba(119,196,214,.08),transparent);\n      border-radius:10px;margin:14px 0}\n    .highlight strong{font-weight:800}<\/p>\n<p>    h2{font-size:1.35rem;margin:22px 0 10px;font-weight:900}\n    h2 strong, h3 strong{font-weight:900}<\/p>\n<p>    \/* avantaj listesi *\/\n    .checklist{list-style:none;padding-left:0;margin:6px 0}\n    .checklist li{position:relative;padding-left:28px;margin:10px 0}\n    .checklist li::before{content:\"\";position:absolute;left:0;top:6px;width:18px;height:18px;border-radius:6px;background:var(--chip);border:1px solid var(--line)}\n    .checklist li::after{content:\"\";position:absolute;left:5px;top:9px;width:9px;height:5px;border-left:2px solid var(--ok);border-bottom:2px solid var(--ok);transform:rotate(-45deg)}\n    .checklist strong{font-weight:800}<\/p>\n<p>    \/* grid\/pill kartlar\u0131 *\/\n    .grid{display:grid;grid-template-columns:repeat(auto-fit,minmax(220px,1fr));gap:14px;margin:10px 0}\n    .pill{border:1px dashed var(--line);background:#fff;border-radius:14px;padding:12px}\n    .pill h3{margin:0 0 6px;font-size:1.02rem;font-weight:800}\n    .pill p{margin:0;color:var(--muted)}<\/p>\n<p>    .cta{margin-top:18px;padding:14px;border:1px solid var(--line);border-radius:12px;background:var(--bg)}\n  <\/style>\n<header>\n    <span class=\"eyebrow\">Flat Rack \u2022 20\u2032<\/span><\/p>\n<h1 itemprop=\"headline\"><strong>20\u2032 Flat Rack Konteyner:<\/strong> A\u011f\u0131r Y\u00fck Ta\u015f\u0131mac\u0131l\u0131\u011f\u0131nda <strong>Pratik \u00c7\u00f6z\u00fcm<\/strong><\/h1>\n<p class=\"meta\" itemprop=\"about\">Yanlar\u0131\/\u00fcst\u00fc a\u00e7\u0131k tasar\u0131m; d\u00fczensiz \u015fekilli ve hacimli y\u00fcklerde h\u0131zl\u0131 y\u00fckleme, g\u00fcvenli ta\u015f\u0131ma.<\/p>\n<\/header>\n<p class=\"lead\">\n    Lojistikte farkl\u0131 y\u00fck tiplerine uygun \u00e7\u00f6z\u00fcmler kritik \u00f6nemdedir. <strong>20\u2032 flat rack konteyner<\/strong>,<br \/>\n    <strong>standart kapal\u0131 konteynerlere s\u0131\u011fmayan<\/strong> b\u00fcy\u00fck ya da <strong>hacimli<\/strong> y\u00fcklerde<br \/>\n    <strong>etkili<\/strong> ve <strong>g\u00fcvenilir<\/strong> bir alternatiftir.\n  <\/p>\n<div class=\"highlight\">\n    <strong>\u00d6zet:<\/strong> <strong>Yanlar\u0131 ve \u00fcst\u00fc a\u00e7\u0131k<\/strong>, gerekti\u011finde yaln\u0131z <strong>taban<\/strong> ve <strong>u\u00e7 k\u0131s\u0131mlar\u0131<\/strong> bulunan d\u00fcz tabanl\u0131 yap\u0131s\u0131 ile<br \/>\n    <em>vin\u00e7\/forklift<\/em> kullanarak <strong>kolay y\u00fckleme<\/strong> sa\u011flar; a\u011f\u0131r makine, boru ve proje y\u00fckleri i\u00e7in idealdir.\n  <\/div>\n<section aria-labelledby=\"nedir\">\n<h2 id=\"nedir\"><strong>Flat Rack Konteyner Nedir?<\/strong><\/h2>\n<p>\n      <strong>Flat rack<\/strong> konteynerler, <strong>yanlar\u0131 ve \u00fcst\u00fc a\u00e7\u0131k<\/strong> \u00f6zel tasar\u0131mlar\u0131 sayesinde<br \/>\n      a\u011f\u0131r ve hacimli makine, in\u015faat ekipman\u0131, boru veya proje y\u00fcklerinin <strong>kolayca y\u00fcklenip ta\u015f\u0131nmas\u0131n\u0131<\/strong> m\u00fcmk\u00fcn k\u0131lar.\n    <\/p>\n<\/section>\n<section aria-labelledby=\"avantaj\">\n<h2 id=\"avantaj\"><strong>20\u2032 Flat Rack Konteynerin Avantajlar\u0131<\/strong><\/h2>\n<ul class=\"checklist\">\n<li><strong>Y\u00fcksek ta\u015f\u0131ma kapasitesi:<\/strong> D\u00fczensiz \u015fekilli ve <strong>a\u011f\u0131r<\/strong> y\u00fckler i\u00e7in idealdir; end\u00fcstriyel ta\u015f\u0131malarda verim sa\u011flar.<\/li>\n<li><strong>\u00c7ok y\u00f6nl\u00fc kullan\u0131m:<\/strong> \u0130n\u015faat malzemeleri, gemi ekipmanlar\u0131, <strong>boru<\/strong> ve <strong>makine par\u00e7alar\u0131<\/strong> i\u00e7in uygundur.<\/li>\n<li><strong>Kolay y\u00fckleme\/bo\u015faltma:<\/strong> <em>Yan a\u00e7\u0131k<\/em> yap\u0131 vin\u00e7 veya forklift ile h\u0131zl\u0131 operasyon imk\u00e2n\u0131 sunar.<\/li>\n<li><strong>Dayan\u0131kl\u0131 ve g\u00fcvenli:<\/strong> <strong>\u00c7elik konstr\u00fcksiyon<\/strong> zorlu nakliye ko\u015fullar\u0131na dayan\u0131r, y\u00fck emniyetini art\u0131r\u0131r.<\/li>\n<\/ul>\n<\/section>\n<section aria-labelledby=\"sektorler\">\n<h2 id=\"sektorler\"><strong>Hangi Sekt\u00f6rlerde Kullan\u0131l\u0131r?<\/strong><\/h2>\n<div class=\"grid\">\n<div class=\"pill\">\n<h3><strong>\u0130n\u015faat<\/strong><\/h3>\n<p>Geni\u015f ve a\u011f\u0131r yap\u0131 elemanlar\u0131, prefabrik par\u00e7alar, \u00e7elik profiller.<\/p>\n<\/p><\/div>\n<div class=\"pill\">\n<h3><strong>Enerji &#038; Altyap\u0131<\/strong><\/h3>\n<p>T\u00fcrbin\/trafo bile\u015fenleri ve b\u00fcy\u00fck ekipman sevki.<\/p>\n<\/p><\/div>\n<div class=\"pill\">\n<h3><strong>Madencilik &#038; A\u011f\u0131r Makine<\/strong><\/h3>\n<p>Y\u00fcksek tonajl\u0131 makineler ve mod\u00fcler ekipmanlar.<\/p>\n<\/p><\/div>\n<div class=\"pill\">\n<h3><strong>Gemi &#038; Havac\u0131l\u0131k<\/strong><\/h3>\n<p>G\u00f6vde par\u00e7alar\u0131, kanat\/iskelet elemanlar\u0131 ve proje y\u00fckleri.<\/p>\n<\/p><\/div>\n<div class=\"pill\">\n<h3><strong>Proje Lojisti\u011fi<\/strong><\/h3>\n<p>Standart d\u0131\u015f\u0131 \u00f6l\u00e7\u00fclere sahip \u00f6zel sevkiyatlar.<\/p>\n<\/p><\/div><\/div>\n<\/section>\n<section aria-labelledby=\"temin\">\n<h2 id=\"temin\"><strong>20\u2032 Flat Rack Konteyner Kiralama ve Sat\u0131\u015f<\/strong><\/h2>\n<div class=\"grid\">\n<div class=\"pill\">\n<h3><strong>Kiralama<\/strong><\/h3>\n<p>Proje bazl\u0131 ihtiya\u00e7larda <strong>maliyet-etkin<\/strong> ve esnek filo y\u00f6netimi.<\/p>\n<\/p><\/div>\n<div class=\"pill\">\n<h3><strong>Sat\u0131n Alma<\/strong><\/h3>\n<p>S\u00fcrekli ta\u015f\u0131ma yapan firmalar i\u00e7in <strong>kal\u0131c\u0131 kapasite<\/strong> ve operasyonel kontrol.<\/p>\n<\/p><\/div><\/div>\n<p class=\"cta\"><strong>\u0130pucu:<\/strong> Y\u00fck \u00f6l\u00e7\u00fc\/tonaj\u0131, rota ve frekans bilgilerine g\u00f6re kiralama ya da sat\u0131n alma daha rasyonel olabilir.<\/p>\n<\/section>\n<section aria-labelledby=\"sonuc\">\n<h2 id=\"sonuc\"><strong>Sonu\u00e7<\/strong><\/h2>\n<p>\n      <strong>20\u2032 flat rack konteyner<\/strong>, a\u011f\u0131r, b\u00fcy\u00fck ve hacimli y\u00fcklerin <strong>g\u00fcvenli<\/strong> ve <strong>pratik<\/strong> ta\u015f\u0131nmas\u0131 i\u00e7in<br \/>\n      ideal \u00e7\u00f6z\u00fcmd\u00fcr. Do\u011fru konteyner se\u00e7imi ile lojistik s\u00fcre\u00e7leriniz <strong>h\u0131zlan\u0131r<\/strong>, maliyetler <strong>optimize<\/strong> edilir.\n    <\/p>\n<p>    <!-- CTA; URL\/ileti\u015fim bilgilerini proje sitene g\u00f6re d\u00fczenle --><\/p>\n<div class=\"cta\">\n      <strong>Teklif Al\u0131n:<\/strong> Y\u00fck \u00f6l\u00e7\u00fcleri ve g\u00fczerg\u00e2h bilgisiyle bize ula\u015f\u0131n; 20\u2032 flat rack i\u00e7in en uygun \u00e7\u00f6z\u00fcm\u00fc birlikte belirleyelim.\n    <\/div>\n<\/section>\n<\/article>","protected":false},"excerpt":{"rendered":"Flat Rack \u2022 20\u2032 20\u2032 Flat Rack Konteyner: A\u011f\u0131r Y\u00fck Ta\u015f\u0131mac\u0131l\u0131\u011f\u0131nda Pratik \u00c7\u00f6z\u00fcm Yanlar\u0131\/\u00fcst\u00fc a\u00e7\u0131k tasar\u0131m; d\u00fczensiz \u015fekilli ve hacimli y\u00fcklerde h\u0131zl\u0131 y\u00fckleme, g\u00fcvenli ta\u015f\u0131ma. Lojistikte farkl\u0131 y\u00fck tiplerine uygun \u00e7\u00f6z\u00fcmler kritik \u00f6nemdedir. 20\u2032 flat rack konteyner, standart kapal\u0131 konteynerlere s\u0131\u011fmayan b\u00fcy\u00fck ya da hacimli y\u00fcklerde etkili ve g\u00fcvenilir bir alternatiftir. \u00d6zet: Yanlar\u0131 ve \u00fcst\u00fc[&#8230;]","protected":false},"author":1,"featured_media":4577,"comment_status":"open","ping_status":"open","sticky":false,"template":"","format":"standard","meta":{"footnotes":""},"categories":[1],"tags":[],"class_list":["post-4576","post","type-post","status-publish","format-standard","has-post-thumbnail","hentry","category-blog"],"aioseo_notices":[],"_links":{"self":[{"href":"https:\/\/www.montegrup.com\/en\/wp-json\/wp\/v2\/posts\/4576","targetHints":{"allow":["GET"]}}],"collection":[{"href":"https:\/\/www.montegrup.com\/en\/wp-json\/wp\/v2\/posts"}],"about":[{"href":"https:\/\/www.montegrup.com\/en\/wp-json\/wp\/v2\/types\/post"}],"author":[{"embeddable":true,"href":"https:\/\/www.montegrup.com\/en\/wp-json\/wp\/v2\/users\/1"}],"replies":[{"embeddable":true,"href":"https:\/\/www.montegrup.com\/en\/wp-json\/wp\/v2\/comments?post=4576"}],"version-history":[{"count":0,"href":"https:\/\/www.montegrup.com\/en\/wp-json\/wp\/v2\/posts\/4576\/revisions"}],"wp:featuredmedia":[{"embeddable":true,"href":"https:\/\/www.montegrup.com\/en\/wp-json\/wp\/v2\/media\/4577"}],"wp:attachment":[{"href":"https:\/\/www.montegrup.com\/en\/wp-json\/wp\/v2\/media?parent=4576"}],"wp:term":[{"taxonomy":"category","embeddable":true,"href":"https:\/\/www.montegrup.com\/en\/wp-json\/wp\/v2\/categories?post=4576"},{"taxonomy":"post_tag","embeddable":true,"href":"https:\/\/www.montegrup.com\/en\/wp-json\/wp\/v2\/tags?post=4576"}],"curies":[{"name":"wp","href":"https:\/\/api.w.org\/{rel}","templated":true}]}}