{"id":4627,"date":"2025-08-19T20:15:40","date_gmt":"2025-08-19T17:15:40","guid":{"rendered":"https:\/\/www.montegrup.com\/?p=4627"},"modified":"2025-08-19T20:15:40","modified_gmt":"2025-08-19T17:15:40","slug":"20%e2%80%b2-platform-konteyner-nedir-kullanim-alanlari-ve-avantajlari","status":"publish","type":"post","link":"https:\/\/www.montegrup.com\/en\/20%e2%80%b2-platform-konteyner-nedir-kullanim-alanlari-ve-avantajlari\/","title":{"rendered":"20\u2032 Platform Konteyner Nedir? Kullan\u0131m Alanlar\u0131 ve Avantajlar\u0131"},"content":{"rendered":"<p><!-- 20\u2032 PLATFORM KONTEYNER \u2014 \u015eIK BLOG (MAV\u0130 TEMA) --><\/p>\n<article class=\"post platform-20\" itemscope itemtype=\"https:\/\/schema.org\/Article\">\n<style>\n    :root{\n      --accent:#77C4D6; --accent-2:#77C4D6;\n      --ink:#1e293b; --muted:#64748b; --line:#e5e7eb; --bg:#fafafa; --chip:#f3f4f6; --ok:#16a34a;\n    }\n    .post{font-family:system-ui,-apple-system,Segoe UI,Roboto,Helvetica,Arial,sans-serif;color:var(--ink);line-height:1.65;margin:0 auto;padding:24px;max-width:980px;background:#fff;border-radius:14px;box-shadow:0 6px 24px rgba(0,0,0,.06)}\n    .post header{margin-bottom:22px}\n    .eyebrow{display:inline-flex;gap:8px;align-items:center;padding:6px 10px;border-radius:999px;background:linear-gradient(135deg,var(--accent-2),var(--accent));color:#fff;font-weight:700;font-size:.78rem;letter-spacing:.02em}\n    .post h1{font-size:1.9rem;line-height:1.25;margin:.6rem 0 0;font-weight:800}\n    .post .meta{color:var(--muted);font-size:.92rem;margin:.4rem 0 0}\n    .lead{font-size:1.05rem;margin:14px 0 18px}\n    .lead strong{font-weight:800}<\/p>\n<p>    .highlight{position:relative;padding:14px 16px;border-left:4px solid var(--accent);\n      background:linear-gradient(180deg,#fff,#fff),radial-gradient(1200px 80px at 0 0,rgba(119,196,214,.08),transparent);\n      border-radius:10px;margin:14px 0}\n    .highlight strong{font-weight:800}<\/p>\n<p>    h2{font-size:1.35rem;margin:22px 0 10px;font-weight:900}\n    h2 strong, h3 strong{font-weight:900}<\/p>\n<p>    \/* mini \u00f6zellik kartlar\u0131 *\/\n    .spec-cards{display:grid;grid-template-columns:repeat(auto-fit,minmax(170px,1fr));gap:12px;margin:18px 0 6px}\n    .card{border:1px solid var(--line);border-radius:12px;padding:14px;background:var(--bg)}\n    .card b{display:block;font-size:.82rem;color:var(--muted);margin-bottom:6px}\n    .card .val{font-size:1.05rem;font-weight:800}<\/p>\n<p>    \/* tablo *\/\n    table{width:100%;border-collapse:collapse;margin:12px 0 4px;border:1px solid var(--line);border-radius:12px;overflow:hidden}\n    thead th{background:linear-gradient(135deg,#fff,#f8fafc);text-align:left;padding:12px;font-weight:800;border-bottom:1px solid var(--line)}\n    tbody td{padding:11px;border-bottom:1px solid var(--line)}\n    tbody tr:last-child td{border-bottom:none}\n    caption{caption-side:top;text-align:left;font-weight:700;margin:6px 0;color:var(--muted)}\n    .note{font-size:.9rem;color:var(--muted);margin-top:6px}<\/p>\n<p>    \/* checklist *\/\n    .checklist{list-style:none;padding-left:0;margin:6px 0}\n    .checklist li{position:relative;padding-left:28px;margin:10px 0}\n    .checklist li::before{content:\"\";position:absolute;left:0;top:6px;width:18px;height:18px;border-radius:6px;background:var(--chip);border:1px solid var(--line)}\n    .checklist li::after{content:\"\";position:absolute;left:5px;top:9px;width:9px;height:5px;border-left:2px solid var(--ok);border-bottom:2px solid var(--ok);transform:rotate(-45deg)}\n    .checklist strong{font-weight:800}<\/p>\n<p>    \/* grid *\/\n    .grid{display:grid;grid-template-columns:repeat(auto-fit,minmax(220px,1fr));gap:14px;margin:10px 0}\n    .pill{border:1px dashed var(--line);background:#fff;border-radius:14px;padding:12px}\n    .pill h3{margin:0 0 6px;font-size:1.02rem;font-weight:800}\n    .pill p{margin:0;color:var(--muted)}<\/p>\n<p>    \/* CTA *\/\n    .cta{margin-top:18px;padding:14px;border:1px solid var(--line);border-radius:12px;background:var(--bg)}\n  <\/style>\n<header>\n    <span class=\"eyebrow\">Platform \u2022 20\u2032<\/span><\/p>\n<h1 itemprop=\"headline\"><strong>20\u2032 Platform Konteyner<\/strong> Nedir? <strong>Kullan\u0131m Alanlar\u0131<\/strong> ve <strong>Avantajlar\u0131<\/strong><\/h1>\n<p class=\"meta\" itemprop=\"about\">A\u011f\u0131r ve \u00f6l\u00e7\u00fc d\u0131\u015f\u0131 y\u00fckler i\u00e7in <strong>\u00fcst\u00fc a\u00e7\u0131k<\/strong>, <strong>yan duvars\u0131z<\/strong>, <strong>y\u00fcksek mukavemetli<\/strong> kompakt platform.<\/p>\n<\/header>\n<p class=\"lead\">\n    <strong>20\u2032 platform konteyner<\/strong>, yaln\u0131zca g\u00fc\u00e7lendirilmi\u015f tabandan olu\u015fan yap\u0131s\u0131yla; jenerat\u00f6rler, b\u00fcy\u00fck makineler,<br \/>\n    \u00e7elik konstr\u00fcksiyon elemanlar\u0131 ve proje y\u00fcklerinin <strong>g\u00fcvenli<\/strong> ve <strong>verimli<\/strong> ta\u015f\u0131nmas\u0131n\u0131 sa\u011flar.\n  <\/p>\n<div class=\"highlight\">\n    <strong>\u00d6zet:<\/strong> <strong>20\u2032<\/strong> (\u2248 6 m) kompakt uzunluk, <strong>2,44 m<\/strong> geni\u015flik, <strong>platform<\/strong> tipi a\u00e7\u0131k tasar\u0131m,<br \/>\n    g\u00fc\u00e7lendirilmi\u015f \u00e7elik taban, ba\u011flama (lashing) noktalar\u0131 ve <strong>her y\u00f6nden y\u00fckleme<\/strong> kolayl\u0131\u011f\u0131.\n  <\/div>\n<section aria-labelledby=\"nedir\">\n<h2 id=\"nedir\"><strong>20\u2032 Platform Konteyner Nedir?<\/strong><\/h2>\n<p>\n      ISO standart \u00f6l\u00e7\u00fclerde, \u00fcst ve yan panelleri bulunmayan; yaln\u0131zca <strong>sa\u011flam bir taban<\/strong> ve ba\u011flant\u0131 noktalar\u0131ndan<br \/>\n      olu\u015fan \u00f6zel bir konteyner tipidir. Vin\u00e7, forklift veya yan-y\u00fckleyici ile <strong>her y\u00f6nden eri\u015fim<\/strong> sa\u011flan\u0131r; standart<br \/>\n      konteynere s\u0131\u011fmayan hacimli\/par\u00e7a y\u00fcklerde <strong>ideal<\/strong> \u00e7\u00f6z\u00fcmd\u00fcr.\n    <\/p>\n<\/section>\n<section aria-labelledby=\"ozellikler\">\n<h2 id=\"ozellikler\"><strong>\u00d6ne \u00c7\u0131kan \u00d6zellikler<\/strong><\/h2>\n<div class=\"spec-cards\">\n<div class=\"card\"><b>Boyut<\/b><span class=\"val\">20\u2032 \u00d7 2,44 m (\u2248 6 m uzunluk)<\/span><\/div>\n<div class=\"card\"><b>Yap\u0131<\/b><span class=\"val\">G\u00fc\u00e7lendirilmi\u015f \u00e7elik taban \u2022 kaymaz y\u00fczey<\/span><\/div>\n<div class=\"card\"><b>Eri\u015fim<\/b><span class=\"val\">\u00dcstten\/yanlardan serbest y\u00fckleme<\/span><\/div>\n<div class=\"card\"><b>Ba\u011flama<\/b><span class=\"val\">Lashing\/ba\u011flama halkalar\u0131 ile emniyet<\/span><\/div>\n<div class=\"card\"><b>Uygunluk<\/b><span class=\"val\">Deniz \u2022 Kara \u2022 Demiryolu (intermodal)<\/span><\/div><\/div>\n<table>\n<caption>Teknik Bak\u0131\u015f (temsil\u00ee, modele g\u00f6re de\u011fi\u015febilir)<\/caption>\n<thead>\n<tr>\n<th>Parametre<\/th>\n<th>A\u00e7\u0131klama<\/th>\n<\/tr>\n<\/thead>\n<tbody>\n<tr>\n<td><strong>D\u0131\u015f \u00d6l\u00e7\u00fcler<\/strong><\/td>\n<td>20\u2032 uzunluk \u2022 2,44 m geni\u015flik \u2022 platform y\u00fcksekli\u011fi de\u011fi\u015fken<\/td>\n<\/tr>\n<tr>\n<td><strong>Taban<\/strong><\/td>\n<td>Y\u00fcksek mukavemetli \u00e7elik, kaymaz kaplama<\/td>\n<\/tr>\n<tr>\n<td><strong>Ba\u011flama Noktalar\u0131<\/strong><\/td>\n<td>Y\u00fck sabitleme i\u00e7in \u00e7oklu lashing halkas\u0131<\/td>\n<\/tr>\n<tr>\n<td><strong>Elle\u00e7leme<\/strong><\/td>\n<td>Vin\u00e7, forklift ve yan y\u00fckleyici ile h\u0131zl\u0131 operasyon<\/td>\n<\/tr>\n<tr>\n<td><strong>Standartlar<\/strong><\/td>\n<td>ISO \u00f6l\u00e7\u00fcler ve intermodal ba\u011flant\u0131 uyumu<\/td>\n<\/tr>\n<\/tbody>\n<\/table>\n<p class=\"note\"><em>Not:<\/em> Net ta\u015f\u0131ma kapasitesi ve donan\u0131mlar \u00fcretici\/seriye g\u00f6re de\u011fi\u015febilir; teklif a\u015famas\u0131nda do\u011frulay\u0131n\u0131z.<\/p>\n<\/section>\n<section aria-labelledby=\"kullanim\">\n<h2 id=\"kullanim\"><strong>20\u2032 Platform Konteyner Nerelerde Kullan\u0131l\u0131r?<\/strong><\/h2>\n<div class=\"grid\">\n<div class=\"pill\">\n<h3><strong>A\u011f\u0131r Sanayi &#038; End\u00fcstri<\/strong><\/h3>\n<p>Fabrika makineleri, motorlar, \u00e7elik konstr\u00fcksiyon par\u00e7alar\u0131.<\/p>\n<\/p><\/div>\n<div class=\"pill\">\n<h3><strong>\u0130n\u015faat<\/strong><\/h3>\n<p>\u015eantiye ekipmanlar\u0131, prefabrik elemanlar, beton bloklar.<\/p>\n<\/p><\/div>\n<div class=\"pill\">\n<h3><strong>Ta\u015f\u0131mac\u0131l\u0131k &#038; Lojistik<\/strong><\/h3>\n<p>\u00d6l\u00e7\u00fc d\u0131\u015f\u0131\/par\u00e7a y\u00fcklerde kara\u2013deniz\u2013demiryolu uyumu.<\/p>\n<\/p><\/div>\n<div class=\"pill\">\n<h3><strong>Enerji<\/strong><\/h3>\n<p>Jenerat\u00f6r, trafo gibi b\u00fcy\u00fck enerji sistemlerinin sevki.<\/p>\n<\/p><\/div><\/div>\n<\/section>\n<section aria-labelledby=\"avantaj\">\n<h2 id=\"avantaj\"><strong>20\u2032 Platform Konteynerin Avantajlar\u0131<\/strong><\/h2>\n<ul class=\"checklist\">\n<li><strong>Maliyet avantaj\u0131:<\/strong> \u00d6zelle\u015ftirilmi\u015f ta\u015f\u0131ma y\u00f6ntemlerine k\u0131yasla daha ekonomik.<\/li>\n<li><strong>Zaman tasarrufu:<\/strong> Duvars\u0131z yap\u0131 ile h\u0131zl\u0131 y\u00fckleme\/bo\u015faltma.<\/li>\n<li><strong>G\u00fcvenli ta\u015f\u0131ma:<\/strong> Sa\u011flam taban ve ba\u011flama halkalar\u0131yla emniyetli sevk.<\/li>\n<li><strong>Esneklik:<\/strong> Y\u00fck formuna uyum; \u00e7oklu sekt\u00f6rde uygulanabilirlik.<\/li>\n<\/ul>\n<\/section>\n<section aria-labelledby=\"sonuc\">\n<h2 id=\"sonuc\"><strong>Sonu\u00e7<\/strong><\/h2>\n<p>\n      B\u00fcy\u00fck, hacimli veya standart d\u0131\u015f\u0131 \u00f6l\u00e7\u00fclere sahip y\u00fcklerde <strong>20\u2032 platform konteyner<\/strong>, sa\u011flam yap\u0131s\u0131 ve<br \/>\n      esnek kullan\u0131m kabiliyetiyle <strong>g\u00fcvenli<\/strong>, <strong>pratik<\/strong> ve <strong>ekonomik<\/strong> bir \u00e7\u00f6z\u00fcmd\u00fcr. Projeleriniz i\u00e7in<br \/>\n      kiralama ya da sat\u0131n alma se\u00e7eneklerini de\u011ferlendirerek operasyonlar\u0131n\u0131z\u0131 kolayla\u015ft\u0131rabilirsiniz.\n    <\/p>\n<div class=\"cta\">\n      <strong>Teklif Al\u0131n:<\/strong> Y\u00fck \u00f6l\u00e7\u00fcleri\/a\u011f\u0131rl\u0131\u011f\u0131, ba\u011flama plan\u0131 ve rota bilgisiyle bize ula\u015f\u0131n; 20\u2032 platform i\u00e7in en uygun \u00e7\u00f6z\u00fcm\u00fc birlikte planlayal\u0131m.\n    <\/div>\n<\/section>\n<\/article>","protected":false},"excerpt":{"rendered":"Platform \u2022 20\u2032 20\u2032 Platform Konteyner Nedir? Kullan\u0131m Alanlar\u0131 ve Avantajlar\u0131 A\u011f\u0131r ve \u00f6l\u00e7\u00fc d\u0131\u015f\u0131 y\u00fckler i\u00e7in \u00fcst\u00fc a\u00e7\u0131k, yan duvars\u0131z, y\u00fcksek mukavemetli kompakt platform. 20\u2032 platform konteyner, yaln\u0131zca g\u00fc\u00e7lendirilmi\u015f tabandan olu\u015fan yap\u0131s\u0131yla; jenerat\u00f6rler, b\u00fcy\u00fck makineler, \u00e7elik konstr\u00fcksiyon elemanlar\u0131 ve proje y\u00fcklerinin g\u00fcvenli ve verimli ta\u015f\u0131nmas\u0131n\u0131 sa\u011flar. \u00d6zet: 20\u2032 (\u2248 6 m) kompakt uzunluk, 2,44[&#8230;]","protected":false},"author":1,"featured_media":4628,"comment_status":"open","ping_status":"open","sticky":false,"template":"","format":"standard","meta":{"footnotes":""},"categories":[1],"tags":[],"class_list":["post-4627","post","type-post","status-publish","format-standard","has-post-thumbnail","hentry","category-blog"],"aioseo_notices":[],"_links":{"self":[{"href":"https:\/\/www.montegrup.com\/en\/wp-json\/wp\/v2\/posts\/4627","targetHints":{"allow":["GET"]}}],"collection":[{"href":"https:\/\/www.montegrup.com\/en\/wp-json\/wp\/v2\/posts"}],"about":[{"href":"https:\/\/www.montegrup.com\/en\/wp-json\/wp\/v2\/types\/post"}],"author":[{"embeddable":true,"href":"https:\/\/www.montegrup.com\/en\/wp-json\/wp\/v2\/users\/1"}],"replies":[{"embeddable":true,"href":"https:\/\/www.montegrup.com\/en\/wp-json\/wp\/v2\/comments?post=4627"}],"version-history":[{"count":0,"href":"https:\/\/www.montegrup.com\/en\/wp-json\/wp\/v2\/posts\/4627\/revisions"}],"wp:featuredmedia":[{"embeddable":true,"href":"https:\/\/www.montegrup.com\/en\/wp-json\/wp\/v2\/media\/4628"}],"wp:attachment":[{"href":"https:\/\/www.montegrup.com\/en\/wp-json\/wp\/v2\/media?parent=4627"}],"wp:term":[{"taxonomy":"category","embeddable":true,"href":"https:\/\/www.montegrup.com\/en\/wp-json\/wp\/v2\/categories?post=4627"},{"taxonomy":"post_tag","embeddable":true,"href":"https:\/\/www.montegrup.com\/en\/wp-json\/wp\/v2\/tags?post=4627"}],"curies":[{"name":"wp","href":"https:\/\/api.w.org\/{rel}","templated":true}]}}